{"id":187,"date":"2023-05-03T08:31:06","date_gmt":"2023-05-03T08:31:06","guid":{"rendered":"http:\/\/dookolaswiatanaokolo.pl\/?p=187"},"modified":"2023-05-08T11:35:23","modified_gmt":"2023-05-08T11:35:23","slug":"muzeum-historyczno-techniczne-peenemunde","status":"publish","type":"post","link":"http:\/\/dookolaswiatanaokolo.pl\/?p=187","title":{"rendered":"Muzeum Historyczno-Techniczne\u00a0Peenem\u00fcnde"},"content":{"rendered":"\n<div class=\"wp-block-columns is-layout-flex wp-container-core-columns-is-layout-28f84493 wp-block-columns-is-layout-flex\">\n<div class=\"wp-block-column is-layout-flow wp-block-column-is-layout-flow\" style=\"flex-basis:66.66%\">\n<p><strong>Po\u0142o\u017cenie:<\/strong> niemieckie, wschodnie wybrze\u017ce Morza Ba\u0142tyckiego, Wyspa Uznam<br><strong>Lata funkcjonowania:<\/strong> 1936 -1945<br><strong>Przeznaczenie:<\/strong> Wojskowy O\u015brodek Badawczy Peenem\u00fcnde<br><strong>W\u00f3wczas zatrudnionych:<\/strong> ok. 15 000 tys. os\u00f3b<br><strong>Temat bada\u0144:<\/strong> cywilne i wojskowe rakiety no\u015bne<\/p>\n\n\n\n<figure class=\"wp-block-image size-large is-resized is-style-rounded\"><img loading=\"lazy\" decoding=\"async\" src=\"http:\/\/dookolaswiatanaokolo.pl\/wp-content\/uploads\/2023\/05\/Zrzut-ekranu-2023-05-03-130635-1024x927.jpg\" alt=\"\" class=\"wp-image-243\" width=\"534\" height=\"483\" srcset=\"http:\/\/dookolaswiatanaokolo.pl\/wp-content\/uploads\/2023\/05\/Zrzut-ekranu-2023-05-03-130635-1024x927.jpg 1024w, http:\/\/dookolaswiatanaokolo.pl\/wp-content\/uploads\/2023\/05\/Zrzut-ekranu-2023-05-03-130635-300x272.jpg 300w, http:\/\/dookolaswiatanaokolo.pl\/wp-content\/uploads\/2023\/05\/Zrzut-ekranu-2023-05-03-130635-768x695.jpg 768w, http:\/\/dookolaswiatanaokolo.pl\/wp-content\/uploads\/2023\/05\/Zrzut-ekranu-2023-05-03-130635-850x770.jpg 850w, http:\/\/dookolaswiatanaokolo.pl\/wp-content\/uploads\/2023\/05\/Zrzut-ekranu-2023-05-03-130635.jpg 1500w\" sizes=\"auto, (max-width: 534px) 100vw, 534px\" \/><figcaption><code>\u0179r\u00f3d\u0142o: https:\/\/www.google.pl\/maps<\/code><\/figcaption><\/figure>\n<\/div>\n\n\n\n<div class=\"wp-block-column is-layout-flow wp-block-column-is-layout-flow\" style=\"flex-basis:33.33%\">\n<figure class=\"wp-block-image size-large is-resized is-style-default\"><img loading=\"lazy\" decoding=\"async\" src=\"http:\/\/dookolaswiatanaokolo.pl\/wp-content\/uploads\/2023\/05\/IMG_1004-690x1024.jpg\" alt=\"\" class=\"wp-image-204\" width=\"266\" height=\"394\" srcset=\"http:\/\/dookolaswiatanaokolo.pl\/wp-content\/uploads\/2023\/05\/IMG_1004-690x1024.jpg 690w, http:\/\/dookolaswiatanaokolo.pl\/wp-content\/uploads\/2023\/05\/IMG_1004-202x300.jpg 202w, http:\/\/dookolaswiatanaokolo.pl\/wp-content\/uploads\/2023\/05\/IMG_1004-768x1139.jpg 768w, http:\/\/dookolaswiatanaokolo.pl\/wp-content\/uploads\/2023\/05\/IMG_1004-1036x1536.jpg 1036w, http:\/\/dookolaswiatanaokolo.pl\/wp-content\/uploads\/2023\/05\/IMG_1004-1381x2048.jpg 1381w, http:\/\/dookolaswiatanaokolo.pl\/wp-content\/uploads\/2023\/05\/IMG_1004-1140x1691.jpg 1140w, http:\/\/dookolaswiatanaokolo.pl\/wp-content\/uploads\/2023\/05\/IMG_1004.jpg 1500w\" sizes=\"auto, (max-width: 266px) 100vw, 266px\" \/><figcaption><code>Historisch-Technisches Museum Peenem\u00fcnde<\/code><\/figcaption><\/figure>\n\n\n\n<p class=\"has-text-align-left\">W 1991 roku w budynku dawnego o\u015brodka do\u015bwiadczalnego powsta\u0142o Historyczno-Techniczne Muzeum Peenem\u00fcnde. Wystawa g\u0142\u00f3wna muzeum dokumentuje przebieg zdarze\u0144, jaki nast\u0105pi\u0142 od marze\u0144 o podr\u00f3\u017cach kosmicznych do konsekwentnego rozwoju pierwszej du\u017cej rakiety militarnej w Peenem\u00fcnde.<\/p>\n<\/div>\n<\/div>\n\n\n\n<div class=\"wp-block-columns is-layout-flex wp-container-core-columns-is-layout-28f84493 wp-block-columns-is-layout-flex\">\n<div class=\"wp-block-column is-layout-flow wp-block-column-is-layout-flow\">\n<figure class=\"wp-block-image size-large\"><img loading=\"lazy\" decoding=\"async\" width=\"1024\" height=\"580\" src=\"http:\/\/dookolaswiatanaokolo.pl\/wp-content\/uploads\/2023\/05\/IMG_0928-1024x580.jpg\" alt=\"\" class=\"wp-image-188\" srcset=\"http:\/\/dookolaswiatanaokolo.pl\/wp-content\/uploads\/2023\/05\/IMG_0928-1024x580.jpg 1024w, http:\/\/dookolaswiatanaokolo.pl\/wp-content\/uploads\/2023\/05\/IMG_0928-300x170.jpg 300w, http:\/\/dookolaswiatanaokolo.pl\/wp-content\/uploads\/2023\/05\/IMG_0928-768x435.jpg 768w, http:\/\/dookolaswiatanaokolo.pl\/wp-content\/uploads\/2023\/05\/IMG_0928-1536x870.jpg 1536w, http:\/\/dookolaswiatanaokolo.pl\/wp-content\/uploads\/2023\/05\/IMG_0928-2048x1160.jpg 2048w, http:\/\/dookolaswiatanaokolo.pl\/wp-content\/uploads\/2023\/05\/IMG_0928-1140x646.jpg 1140w\" sizes=\"auto, (max-width: 1024px) 100vw, 1024px\" \/><figcaption><code>Budynek Historyczno-Technicznego Muzeum Peenem\u00fcnde<\/code><\/figcaption><\/figure>\n<\/div>\n<\/div>\n\n\n\n<p>Pierwsze prace badawcze nad rakietami rozpocz\u0119\u0142y si\u0119 ju\u017c na pocz\u0105tku lat 30. Na pocz\u0105tku, prowadzone by\u0142y w o\u015brodku rakietowym znajduj\u0105cym si\u0119 w Kummersdorf-Gut. W 1937 roku badania realizowane w mie\u015bcie pod Berlinem okaza\u0142y si\u0119 niewystarczaj\u0105ce. Rozpocz\u0119to poszukiwania nad odpowiednim miejscem na dalszy rozw\u00f3j prac. Miasteczko Peenem\u00fcnde rokowa\u0142o najlepiej pod k\u0105tem lokalizacji. Po\u0142o\u017cone w strategicznym miejscu, na wybrze\u017cu Ba\u0142tyku, zapewnia\u0142o o\u015brodkowi bezpiecze\u0144stwo przy jednoczesnej mo\u017cliwo\u015bci kontroli lotu pr\u00f3bnych egzemplarzy rakiet (na dystans ponad 350 km). W tym czasie o\u015brodek badawczy zosta\u0142 podzielony na dwa &#8220;projekty&#8221;: w Zak\u0142adzie Do\u015bwiadczalnym Lotniczych Si\u0142 Zbrojnych \u2013 Luftwaffe \u2013 opracowywano lataj\u0105cy pocisk (<strong>Fieseler Fi-103<\/strong>) samolot bezza\u0142ogowy, nazywany potocznie <br>V-1, wyposa\u017cony w pulsacyjny silnik, bojow\u0105 g\u0142owic\u0119 i automatyczne sterowanie, daj\u0105ce mo\u017cliwo\u015b\u0107 lotu po wyznaczonej trasie. Samolot-pocisk V1 mo\u017cna uwa\u017ca\u0107 za prekursora wsp\u00f3\u0142czesnych dron\u00f3w.<\/p>\n\n\n\n<div class=\"wp-block-columns is-layout-flex wp-container-core-columns-is-layout-28f84493 wp-block-columns-is-layout-flex\">\n<div class=\"wp-block-column is-layout-flow wp-block-column-is-layout-flow\">\n<figure class=\"wp-block-image size-large\"><img loading=\"lazy\" decoding=\"async\" width=\"2000\" height=\"1125\" src=\"http:\/\/dookolaswiatanaokolo.pl\/wp-content\/uploads\/2023\/05\/IMG_0988-1-edited.jpg\" alt=\"\" class=\"wp-image-278\" srcset=\"http:\/\/dookolaswiatanaokolo.pl\/wp-content\/uploads\/2023\/05\/IMG_0988-1-edited.jpg 2000w, http:\/\/dookolaswiatanaokolo.pl\/wp-content\/uploads\/2023\/05\/IMG_0988-1-edited-300x169.jpg 300w, http:\/\/dookolaswiatanaokolo.pl\/wp-content\/uploads\/2023\/05\/IMG_0988-1-edited-1024x576.jpg 1024w, http:\/\/dookolaswiatanaokolo.pl\/wp-content\/uploads\/2023\/05\/IMG_0988-1-edited-768x432.jpg 768w, http:\/\/dookolaswiatanaokolo.pl\/wp-content\/uploads\/2023\/05\/IMG_0988-1-edited-1536x864.jpg 1536w, http:\/\/dookolaswiatanaokolo.pl\/wp-content\/uploads\/2023\/05\/IMG_0988-1-edited-850x478.jpg 850w\" sizes=\"auto, (max-width: 2000px) 100vw, 2000px\" \/><figcaption><code>Fieseler Fi-103 - bezpilotowy samolot-pocisk o nap\u0119dzie odrzutowym, nazwany p\u00f3\u017aniej V1 wraz ze specjaln\u0105 wyrzutni\u0105-katapult\u0105<\/code><\/figcaption><\/figure>\n<\/div>\n<\/div>\n\n\n\n<div class=\"wp-block-columns is-layout-flex wp-container-core-columns-is-layout-28f84493 wp-block-columns-is-layout-flex\">\n<div class=\"wp-block-column is-layout-flow wp-block-column-is-layout-flow\" style=\"flex-basis:33.33%\">\n<figure class=\"wp-block-image size-large\"><img loading=\"lazy\" decoding=\"async\" width=\"670\" height=\"1024\" src=\"http:\/\/dookolaswiatanaokolo.pl\/wp-content\/uploads\/2023\/05\/IMG_0929-670x1024.jpg\" alt=\"\" class=\"wp-image-189\" srcset=\"http:\/\/dookolaswiatanaokolo.pl\/wp-content\/uploads\/2023\/05\/IMG_0929-670x1024.jpg 670w, http:\/\/dookolaswiatanaokolo.pl\/wp-content\/uploads\/2023\/05\/IMG_0929-196x300.jpg 196w, http:\/\/dookolaswiatanaokolo.pl\/wp-content\/uploads\/2023\/05\/IMG_0929-768x1174.jpg 768w, http:\/\/dookolaswiatanaokolo.pl\/wp-content\/uploads\/2023\/05\/IMG_0929-1005x1536.jpg 1005w, http:\/\/dookolaswiatanaokolo.pl\/wp-content\/uploads\/2023\/05\/IMG_0929-1340x2048.jpg 1340w, http:\/\/dookolaswiatanaokolo.pl\/wp-content\/uploads\/2023\/05\/IMG_0929-1140x1743.jpg 1140w, http:\/\/dookolaswiatanaokolo.pl\/wp-content\/uploads\/2023\/05\/IMG_0929.jpg 1500w\" sizes=\"auto, (max-width: 670px) 100vw, 670px\" \/><figcaption><code>Replika rakiety V2<\/code><\/figcaption><\/figure>\n<\/div>\n\n\n\n<div class=\"wp-block-column is-layout-flow wp-block-column-is-layout-flow\" style=\"flex-basis:66.66%\">\n<p>W drugiej cz\u0119\u015bci o\u015brodka, pod nadzorem jednostki Wojsk L\u0105dowych \u2013 Heer, trwa\u0142a budowa rakiety pionowego startu (znanej jako V-2.) z czasem okrzykni\u0119tej najwi\u0119kszym prze\u0142omem technicznym XX w. Nad projektem rakiety, w czasie\u00a0II wojny \u015bwiatowej, dzia\u0142a\u0142 zesp\u00f3\u0142 niemieckich konstruktor\u00f3w pod kierunkiem\u00a0<strong>Wernhera von Brauna<\/strong>. Pierwszy udany start przeprowadzono 13 czerwca 1942 roku, przy czym lot zako\u0144czy\u0142 si\u0119 eksplozj\u0105 po ok. 1300 m. Ca\u0142kowicie udana pr\u00f3ba odby\u0142a si\u0119 3. pa\u017adziernika tego samego roku. Podczas trwaj\u0105cego 4 minuty i 56 sekund lotu uzyskano zasi\u0119g 190,6 km przy wysoko\u015bci max. 84,5 km. Pocisk V-2 oznaczony jako\u00a0MW 18014\u00a0jako pierwszy obiekt stworzony r\u0119k\u0105 cz\u0142owieka przekroczy\u0142\u00a0lini\u0119 K\u00e1rm\u00e1na\u00a0(wysoko\u015b\u0107 100 km), wchodz\u0105c w\u00a0przestrze\u0144 kosmiczn\u0105. Nazwa rakiety pochodzi od niemieckiego s\u0142owa\u00a0<em>Vergeltung<\/em>\u00a0oznaczaj\u0105cego <em>&#8220;odwet&#8221;<\/em>.<\/p>\n<\/div>\n<\/div>\n\n\n\n<div class=\"wp-block-columns is-layout-flex wp-container-core-columns-is-layout-28f84493 wp-block-columns-is-layout-flex\">\n<div class=\"wp-block-column is-layout-flow wp-block-column-is-layout-flow\">\n<figure class=\"wp-block-image size-large\"><img loading=\"lazy\" decoding=\"async\" width=\"881\" height=\"1024\" src=\"http:\/\/dookolaswiatanaokolo.pl\/wp-content\/uploads\/2023\/05\/IMG_0940-881x1024.jpg\" alt=\"\" class=\"wp-image-191\" srcset=\"http:\/\/dookolaswiatanaokolo.pl\/wp-content\/uploads\/2023\/05\/IMG_0940-881x1024.jpg 881w, http:\/\/dookolaswiatanaokolo.pl\/wp-content\/uploads\/2023\/05\/IMG_0940-258x300.jpg 258w, http:\/\/dookolaswiatanaokolo.pl\/wp-content\/uploads\/2023\/05\/IMG_0940-768x893.jpg 768w, http:\/\/dookolaswiatanaokolo.pl\/wp-content\/uploads\/2023\/05\/IMG_0940-1321x1536.jpg 1321w, http:\/\/dookolaswiatanaokolo.pl\/wp-content\/uploads\/2023\/05\/IMG_0940-1140x1325.jpg 1140w, http:\/\/dookolaswiatanaokolo.pl\/wp-content\/uploads\/2023\/05\/IMG_0940.jpg 1500w\" sizes=\"auto, (max-width: 881px) 100vw, 881px\" \/><figcaption><code>Wewn\u0119trzna \u015bciana budynku muzeum w Peene\u00fcnde<\/code><\/figcaption><\/figure>\n<\/div>\n\n\n\n<div class=\"wp-block-column is-layout-flow wp-block-column-is-layout-flow\">\n<p>Wystawa g\u0142\u00f3wna muzeum w Peenem\u00fcnde niesie w sobie wiele ambiwalencji. Ciekawo\u015b\u0107 i zapa\u0142 pionier\u00f3w rakietowych, kt\u00f3re stopniowo przybli\u017ca\u0142y ich do realizacji marze\u0144 o lotach w kosmos, przeplataj\u0105 si\u0119 gro\u017anie z systematycznym rozwojem prac nad jedn\u0105 z najniebezpieczniejszych broni u\u017cywanej <br>w trakcie II wojny \u015bwiatowej. Szybki sukces in\u017cynier\u00f3w zosta\u0142 osi\u0105gni\u0119ty dzi\u0119ki pracy tysi\u0119cy robotnik\u00f3w przymusowych, wi\u0119\u017ani\u00f3w oboz\u00f3w koncentracyjnych oraz je\u0144c\u00f3w wojennych.<\/p>\n<\/div>\n<\/div>\n\n\n\n<div class=\"wp-block-columns is-layout-flex wp-container-core-columns-is-layout-28f84493 wp-block-columns-is-layout-flex\">\n<div class=\"wp-block-column is-layout-flow wp-block-column-is-layout-flow\">\n<figure class=\"wp-block-image size-large is-resized\"><img loading=\"lazy\" decoding=\"async\" src=\"http:\/\/dookolaswiatanaokolo.pl\/wp-content\/uploads\/2023\/05\/IMG_0941-768x1024.jpg\" alt=\"\" class=\"wp-image-192\" width=\"412\" height=\"549\" srcset=\"http:\/\/dookolaswiatanaokolo.pl\/wp-content\/uploads\/2023\/05\/IMG_0941-768x1024.jpg 768w, http:\/\/dookolaswiatanaokolo.pl\/wp-content\/uploads\/2023\/05\/IMG_0941-225x300.jpg 225w, http:\/\/dookolaswiatanaokolo.pl\/wp-content\/uploads\/2023\/05\/IMG_0941-1152x1536.jpg 1152w, http:\/\/dookolaswiatanaokolo.pl\/wp-content\/uploads\/2023\/05\/IMG_0941-1140x1520.jpg 1140w, http:\/\/dookolaswiatanaokolo.pl\/wp-content\/uploads\/2023\/05\/IMG_0941.jpg 1500w\" sizes=\"auto, (max-width: 412px) 100vw, 412px\" \/><figcaption><code>Wystawa g\u0142\u00f3wna<\/code><\/figcaption><\/figure>\n<\/div>\n\n\n\n<div class=\"wp-block-column is-layout-flow wp-block-column-is-layout-flow\">\n<figure class=\"wp-block-image size-large is-resized\"><img loading=\"lazy\" decoding=\"async\" src=\"http:\/\/dookolaswiatanaokolo.pl\/wp-content\/uploads\/2023\/05\/IMG_0943-746x1024.jpg\" alt=\"\" class=\"wp-image-194\" width=\"399\" height=\"548\" srcset=\"http:\/\/dookolaswiatanaokolo.pl\/wp-content\/uploads\/2023\/05\/IMG_0943-746x1024.jpg 746w, http:\/\/dookolaswiatanaokolo.pl\/wp-content\/uploads\/2023\/05\/IMG_0943-219x300.jpg 219w, http:\/\/dookolaswiatanaokolo.pl\/wp-content\/uploads\/2023\/05\/IMG_0943-768x1054.jpg 768w, http:\/\/dookolaswiatanaokolo.pl\/wp-content\/uploads\/2023\/05\/IMG_0943-1119x1536.jpg 1119w, http:\/\/dookolaswiatanaokolo.pl\/wp-content\/uploads\/2023\/05\/IMG_0943-1492x2048.jpg 1492w, http:\/\/dookolaswiatanaokolo.pl\/wp-content\/uploads\/2023\/05\/IMG_0943-1140x1565.jpg 1140w, http:\/\/dookolaswiatanaokolo.pl\/wp-content\/uploads\/2023\/05\/IMG_0943.jpg 1500w\" sizes=\"auto, (max-width: 399px) 100vw, 399px\" \/><figcaption><code>Walizki pracownik\u00f3w przymusowych, je\u0144c\u00f3w i wi\u0119\u017ani\u00f3w<\/code><\/figcaption><\/figure>\n<\/div>\n<\/div>\n\n\n\n<div class=\"wp-block-columns is-layout-flex wp-container-core-columns-is-layout-28f84493 wp-block-columns-is-layout-flex\">\n<div class=\"wp-block-column is-layout-flow wp-block-column-is-layout-flow\">\n<figure class=\"wp-block-image size-large\"><img loading=\"lazy\" decoding=\"async\" width=\"1024\" height=\"759\" src=\"http:\/\/dookolaswiatanaokolo.pl\/wp-content\/uploads\/2023\/05\/IMG_0942-1024x759.jpg\" alt=\"\" class=\"wp-image-193\" srcset=\"http:\/\/dookolaswiatanaokolo.pl\/wp-content\/uploads\/2023\/05\/IMG_0942-1024x759.jpg 1024w, http:\/\/dookolaswiatanaokolo.pl\/wp-content\/uploads\/2023\/05\/IMG_0942-300x222.jpg 300w, http:\/\/dookolaswiatanaokolo.pl\/wp-content\/uploads\/2023\/05\/IMG_0942-768x569.jpg 768w, http:\/\/dookolaswiatanaokolo.pl\/wp-content\/uploads\/2023\/05\/IMG_0942-1536x1138.jpg 1536w, http:\/\/dookolaswiatanaokolo.pl\/wp-content\/uploads\/2023\/05\/IMG_0942-1140x845.jpg 1140w, http:\/\/dookolaswiatanaokolo.pl\/wp-content\/uploads\/2023\/05\/IMG_0942.jpg 2000w\" sizes=\"auto, (max-width: 1024px) 100vw, 1024px\" \/><figcaption><code>Wystawa g\u0142\u00f3wna<\/code><\/figcaption><\/figure>\n<\/div>\n<\/div>\n\n\n\n<p>Do 1943 roku&nbsp;alianci&nbsp;nie zdawali sobie sprawy z powstaj\u0105cego zagro\u017cenia wynikaj\u0105cego z prac prowadzonych przez Niemc\u00f3w w ramach projektu A-4\/V-2. Wielka Brytania nie mia\u0142a informacji <br>o istnieniu o\u015brodka do\u015bwiadczalnego w Peenem\u00fcnde. Rola i znaczenie o\u015brodka na arenie mi\u0119dzynarodowej odkryte zosta\u0142y przez polski&nbsp;wywiad&nbsp;AK&nbsp;w lutym 1943 roku. Plany masowej produkcji rakiet w Peenem\u00fcnde zosta\u0142y przerwane nalotem RAF w sierpniu jeszcze tego samego roku.<\/p>\n\n\n\n<div class=\"wp-block-columns is-layout-flex wp-container-core-columns-is-layout-28f84493 wp-block-columns-is-layout-flex\">\n<div class=\"wp-block-column is-layout-flow wp-block-column-is-layout-flow\">\n<figure class=\"wp-block-image size-large\"><img loading=\"lazy\" decoding=\"async\" width=\"748\" height=\"1024\" src=\"http:\/\/dookolaswiatanaokolo.pl\/wp-content\/uploads\/2023\/05\/IMG_0955-748x1024.jpg\" alt=\"\" class=\"wp-image-195\" srcset=\"http:\/\/dookolaswiatanaokolo.pl\/wp-content\/uploads\/2023\/05\/IMG_0955-748x1024.jpg 748w, http:\/\/dookolaswiatanaokolo.pl\/wp-content\/uploads\/2023\/05\/IMG_0955-219x300.jpg 219w, http:\/\/dookolaswiatanaokolo.pl\/wp-content\/uploads\/2023\/05\/IMG_0955-768x1052.jpg 768w, http:\/\/dookolaswiatanaokolo.pl\/wp-content\/uploads\/2023\/05\/IMG_0955-1122x1536.jpg 1122w, http:\/\/dookolaswiatanaokolo.pl\/wp-content\/uploads\/2023\/05\/IMG_0955-1496x2048.jpg 1496w, http:\/\/dookolaswiatanaokolo.pl\/wp-content\/uploads\/2023\/05\/IMG_0955-1140x1561.jpg 1140w, http:\/\/dookolaswiatanaokolo.pl\/wp-content\/uploads\/2023\/05\/IMG_0955.jpg 1500w\" sizes=\"auto, (max-width: 748px) 100vw, 748px\" \/><figcaption><code>Wystawa w kot\u0142owni<\/code><\/figcaption><\/figure>\n<\/div>\n\n\n\n<div class=\"wp-block-column is-layout-flow wp-block-column-is-layout-flow\">\n<figure class=\"wp-block-image size-large is-resized\"><img loading=\"lazy\" decoding=\"async\" src=\"http:\/\/dookolaswiatanaokolo.pl\/wp-content\/uploads\/2023\/05\/IMG_0960-1024x709.jpg\" alt=\"\" class=\"wp-image-197\" width=\"257\" height=\"178\" srcset=\"http:\/\/dookolaswiatanaokolo.pl\/wp-content\/uploads\/2023\/05\/IMG_0960-1024x709.jpg 1024w, http:\/\/dookolaswiatanaokolo.pl\/wp-content\/uploads\/2023\/05\/IMG_0960-300x208.jpg 300w, http:\/\/dookolaswiatanaokolo.pl\/wp-content\/uploads\/2023\/05\/IMG_0960-768x531.jpg 768w, http:\/\/dookolaswiatanaokolo.pl\/wp-content\/uploads\/2023\/05\/IMG_0960-1536x1063.jpg 1536w, http:\/\/dookolaswiatanaokolo.pl\/wp-content\/uploads\/2023\/05\/IMG_0960-1140x789.jpg 1140w, http:\/\/dookolaswiatanaokolo.pl\/wp-content\/uploads\/2023\/05\/IMG_0960.jpg 2000w\" sizes=\"auto, (max-width: 257px) 100vw, 257px\" \/><\/figure>\n\n\n\n<p>Elektrownia jest dzi\u015b ostatnim zachowanym budynkiem o\u015brodka do\u015bwiadczalnego<\/p>\n<\/div>\n\n\n\n<div class=\"wp-block-column is-layout-flow wp-block-column-is-layout-flow\">\n<figure class=\"wp-block-image size-large\"><img loading=\"lazy\" decoding=\"async\" width=\"768\" height=\"1024\" src=\"http:\/\/dookolaswiatanaokolo.pl\/wp-content\/uploads\/2023\/05\/IMG_0962-768x1024.jpg\" alt=\"\" class=\"wp-image-198\" srcset=\"http:\/\/dookolaswiatanaokolo.pl\/wp-content\/uploads\/2023\/05\/IMG_0962-768x1024.jpg 768w, http:\/\/dookolaswiatanaokolo.pl\/wp-content\/uploads\/2023\/05\/IMG_0962-225x300.jpg 225w, http:\/\/dookolaswiatanaokolo.pl\/wp-content\/uploads\/2023\/05\/IMG_0962-1152x1536.jpg 1152w, http:\/\/dookolaswiatanaokolo.pl\/wp-content\/uploads\/2023\/05\/IMG_0962-1140x1520.jpg 1140w, http:\/\/dookolaswiatanaokolo.pl\/wp-content\/uploads\/2023\/05\/IMG_0962.jpg 1500w\" sizes=\"auto, (max-width: 768px) 100vw, 768px\" \/><\/figure>\n<\/div>\n<\/div>\n\n\n\n<p>Obecnie muzeum stanowi mi\u0119dzynarodowe miejsce spotka\u0144. Coroczne koncerty w dawnej sali turbinowej elektrowni przyci\u0105gaj\u0105 do Peenem\u00fcnde wielu go\u015bci. Ogromna hala stanowi idealne miejsce na wszelkiego rodzaju wystawy artystyczne. W trakcie naszej wizyty obejrzeli\u015bmy wystaw\u0119 fotograficzn\u0105 przedstawiaj\u0105c\u0105 ruiny europejskich bunkr\u00f3w. <\/p>\n\n\n\n<div class=\"wp-block-columns is-layout-flex wp-container-core-columns-is-layout-28f84493 wp-block-columns-is-layout-flex\">\n<div class=\"wp-block-column is-layout-flow wp-block-column-is-layout-flow\">\n<figure class=\"wp-block-image size-large\"><img loading=\"lazy\" decoding=\"async\" width=\"1024\" height=\"768\" src=\"http:\/\/dookolaswiatanaokolo.pl\/wp-content\/uploads\/2023\/05\/IMG_0980-1024x768.jpg\" alt=\"\" class=\"wp-image-277\" srcset=\"http:\/\/dookolaswiatanaokolo.pl\/wp-content\/uploads\/2023\/05\/IMG_0980-1024x768.jpg 1024w, http:\/\/dookolaswiatanaokolo.pl\/wp-content\/uploads\/2023\/05\/IMG_0980-300x225.jpg 300w, http:\/\/dookolaswiatanaokolo.pl\/wp-content\/uploads\/2023\/05\/IMG_0980-768x576.jpg 768w, http:\/\/dookolaswiatanaokolo.pl\/wp-content\/uploads\/2023\/05\/IMG_0980-1536x1152.jpg 1536w, http:\/\/dookolaswiatanaokolo.pl\/wp-content\/uploads\/2023\/05\/IMG_0980-850x638.jpg 850w, http:\/\/dookolaswiatanaokolo.pl\/wp-content\/uploads\/2023\/05\/IMG_0980.jpg 2000w\" sizes=\"auto, (max-width: 1024px) 100vw, 1024px\" \/><\/figure>\n\n\n\n<figure class=\"wp-block-image size-large\"><img loading=\"lazy\" decoding=\"async\" width=\"1024\" height=\"768\" src=\"http:\/\/dookolaswiatanaokolo.pl\/wp-content\/uploads\/2023\/05\/IMG_0976-1024x768.jpg\" alt=\"\" class=\"wp-image-274\" srcset=\"http:\/\/dookolaswiatanaokolo.pl\/wp-content\/uploads\/2023\/05\/IMG_0976-1024x768.jpg 1024w, http:\/\/dookolaswiatanaokolo.pl\/wp-content\/uploads\/2023\/05\/IMG_0976-300x225.jpg 300w, http:\/\/dookolaswiatanaokolo.pl\/wp-content\/uploads\/2023\/05\/IMG_0976-768x576.jpg 768w, http:\/\/dookolaswiatanaokolo.pl\/wp-content\/uploads\/2023\/05\/IMG_0976-1536x1152.jpg 1536w, http:\/\/dookolaswiatanaokolo.pl\/wp-content\/uploads\/2023\/05\/IMG_0976-850x638.jpg 850w, http:\/\/dookolaswiatanaokolo.pl\/wp-content\/uploads\/2023\/05\/IMG_0976.jpg 2000w\" sizes=\"auto, (max-width: 1024px) 100vw, 1024px\" \/><figcaption>Obrazy wystawy przedstawiaj\u0105cej europejskie bunkry<\/figcaption><\/figure>\n<\/div>\n\n\n\n<div class=\"wp-block-column is-layout-flow wp-block-column-is-layout-flow\">\n<figure class=\"wp-block-image size-large is-resized\"><img loading=\"lazy\" decoding=\"async\" src=\"http:\/\/dookolaswiatanaokolo.pl\/wp-content\/uploads\/2023\/05\/IMG_0977-1024x768.jpg\" alt=\"\" class=\"wp-image-275\" width=\"402\" height=\"301\" srcset=\"http:\/\/dookolaswiatanaokolo.pl\/wp-content\/uploads\/2023\/05\/IMG_0977-1024x768.jpg 1024w, http:\/\/dookolaswiatanaokolo.pl\/wp-content\/uploads\/2023\/05\/IMG_0977-300x225.jpg 300w, http:\/\/dookolaswiatanaokolo.pl\/wp-content\/uploads\/2023\/05\/IMG_0977-768x576.jpg 768w, http:\/\/dookolaswiatanaokolo.pl\/wp-content\/uploads\/2023\/05\/IMG_0977-1536x1152.jpg 1536w, http:\/\/dookolaswiatanaokolo.pl\/wp-content\/uploads\/2023\/05\/IMG_0977-850x638.jpg 850w, http:\/\/dookolaswiatanaokolo.pl\/wp-content\/uploads\/2023\/05\/IMG_0977.jpg 2000w\" sizes=\"auto, (max-width: 402px) 100vw, 402px\" \/><\/figure>\n\n\n\n<figure class=\"wp-block-image size-large\"><img loading=\"lazy\" decoding=\"async\" width=\"1500\" height=\"1125\" src=\"http:\/\/dookolaswiatanaokolo.pl\/wp-content\/uploads\/2023\/05\/IMG_0978-edited-1.jpg\" alt=\"\" class=\"wp-image-281\" srcset=\"http:\/\/dookolaswiatanaokolo.pl\/wp-content\/uploads\/2023\/05\/IMG_0978-edited-1.jpg 1500w, http:\/\/dookolaswiatanaokolo.pl\/wp-content\/uploads\/2023\/05\/IMG_0978-edited-1-300x225.jpg 300w, http:\/\/dookolaswiatanaokolo.pl\/wp-content\/uploads\/2023\/05\/IMG_0978-edited-1-1024x768.jpg 1024w, http:\/\/dookolaswiatanaokolo.pl\/wp-content\/uploads\/2023\/05\/IMG_0978-edited-1-768x576.jpg 768w, http:\/\/dookolaswiatanaokolo.pl\/wp-content\/uploads\/2023\/05\/IMG_0978-edited-1-850x638.jpg 850w\" sizes=\"auto, (max-width: 1500px) 100vw, 1500px\" \/><\/figure>\n<\/div>\n<\/div>\n\n\n\n<p>Szklan\u0105 wind\u0105 mo\u017cemy wjecha\u0107 na wysoko\u015b\u0107 34 metr\u00f3w, by odwiedzi\u0107 du\u017cy taras widokowy, z kt\u00f3rego, przy dobrej widoczno\u015bci, mo\u017cna zobaczy\u0107 tereny ca\u0142ego by\u0142ego o\u015brodka. Na dachu znajdziemy schematyczne mapy pokazuj\u0105ce nazwy najwa\u017cniejszych punkt\u00f3w, widocznych w ka\u017cdym kierunku \u015bwiata.<\/p>\n\n\n\n<div class=\"wp-block-columns is-layout-flex wp-container-core-columns-is-layout-28f84493 wp-block-columns-is-layout-flex\">\n<div class=\"wp-block-column is-layout-flow wp-block-column-is-layout-flow\" style=\"flex-basis:100%\">\n<div class=\"wp-block-columns is-layout-flex wp-container-core-columns-is-layout-28f84493 wp-block-columns-is-layout-flex\">\n<div class=\"wp-block-column is-layout-flow wp-block-column-is-layout-flow\">\n<figure class=\"wp-block-image size-large\"><img loading=\"lazy\" decoding=\"async\" width=\"1024\" height=\"813\" src=\"http:\/\/dookolaswiatanaokolo.pl\/wp-content\/uploads\/2023\/05\/IMG_0972-1024x813.jpg\" alt=\"\" class=\"wp-image-199\" srcset=\"http:\/\/dookolaswiatanaokolo.pl\/wp-content\/uploads\/2023\/05\/IMG_0972-1024x813.jpg 1024w, http:\/\/dookolaswiatanaokolo.pl\/wp-content\/uploads\/2023\/05\/IMG_0972-300x238.jpg 300w, http:\/\/dookolaswiatanaokolo.pl\/wp-content\/uploads\/2023\/05\/IMG_0972-768x609.jpg 768w, http:\/\/dookolaswiatanaokolo.pl\/wp-content\/uploads\/2023\/05\/IMG_0972-1536x1219.jpg 1536w, http:\/\/dookolaswiatanaokolo.pl\/wp-content\/uploads\/2023\/05\/IMG_0972-1140x905.jpg 1140w, http:\/\/dookolaswiatanaokolo.pl\/wp-content\/uploads\/2023\/05\/IMG_0972.jpg 2000w\" sizes=\"auto, (max-width: 1024px) 100vw, 1024px\" \/><figcaption>Kominy elektrowni przy tarasie widokowym<\/figcaption><\/figure>\n<\/div>\n<\/div>\n<\/div>\n<\/div>\n\n\n\n<p>Po II wojnie \u015bwiatowej, wiedza in\u017cynier\u00f3w z O\u015brodka Badawczego rozpocz\u0119\u0142a \u015bwiatowy wy\u015bcig o pierwszy lot cz\u0142owieka w kosmos. Dzi\u0119ki badaniom przeprowadzonym nad sprawno\u015bci\u0105 \u015bmierciono\u015bnych rakiet dokonano ogromnego prze\u0142omu technicznego, kt\u00f3ry 12. kwietnia 1961 roku umo\u017cliwi\u0142 radzieckiemu kosmonaucie i pilotowi wojskowemu udany, d\u0142ugo wyczekiwany lot.\u00a0Jurij Gagarin\u00a0jako pierwszy cz\u0142owiek w historii okr\u0105\u017cy\u0142 Ziemi\u0119 w przestrzeni kosmicznej, a kilka lat p\u00f3\u017aniej, 20 lipca 1969 roku, ameryka\u0144ski astronauta <strong>Neil Armstrong<\/strong> jako pierwszy cz\u0142owiek stan\u0105\u0142 na Ksi\u0119\u017cycu. Sukcesy misji Apollo 11 i rakiety Saturn V stanowi\u0142y zwie\u0144czenie dzieci\u0119cych marze\u0144 Wernhera von Brauna.<\/p>\n\n\n\n<hr class=\"wp-block-separator has-alpha-channel-opacity\"\/>\n\n\n\n<p>Historyczno &#8211; Techniczne Muzeum w Peenem\u00fcnde to miejsce upami\u0119tniaj\u0105ce wydarzenia o ogromnym wp\u0142ywie na dzieje ludzko\u015bci. Podziwiamy tu zarazem ogromny post\u0119p techniczny, jak i dowiadujemy si\u0119 o  cierpieniu tysi\u0119cy niewinnych ludzi. Wystawa g\u0142\u00f3wna stanowi baz\u0119 do g\u0142ebokich refleksji dotycz\u0105cych znaczenia pozornie niezwyci\u0119\u017conej broni i przemy\u015ble\u0144 nad odpowiedzialno\u015bci\u0105 wynikaj\u0105c\u0105 z rozwoju i wykorzystania nauki.<\/p>\n\n\n\n<blockquote class=\"wp-block-quote is-layout-flow wp-block-quote-is-layout-flow\"><p>These ruins should make us think:<br>think about the meaning of apparently invicible weapons and think about science&#8217;s responsibility<\/p><cite>Historisch-Technisches Museum Peenem\u00fcnde<\/cite><\/blockquote>\n","protected":false},"excerpt":{"rendered":"<p>Po\u0142o\u017cenie: niemieckie, wschodnie wybrze\u017ce Morza Ba\u0142tyckiego, Wyspa UznamLata funkcjonowania: 1936 -1945Przeznaczenie: Wojskowy O\u015brodek Badawczy Peenem\u00fcndeW\u00f3wczas zatrudnionych: ok. 15 000 tys. os\u00f3bTemat bada\u0144: cywilne i wojskowe rakiety no\u015bne W 1991 roku w budynku dawnego o\u015brodka do\u015bwiadczalnego powsta\u0142o Historyczno-Techniczne Muzeum Peenem\u00fcnde. Wystawa g\u0142\u00f3wna muzeum dokumentuje przebieg zdarze\u0144, jaki nast\u0105pi\u0142 od marze\u0144 o podr\u00f3\u017cach kosmicznych do konsekwentnego rozwoju&#8230;<\/p>\n","protected":false},"author":1,"featured_media":188,"comment_status":"open","ping_status":"open","sticky":false,"template":"","format":"standard","meta":{"footnotes":""},"categories":[11],"tags":[],"class_list":["post-187","post","type-post","status-publish","format-standard","has-post-thumbnail","hentry","category-podroze-male-i-duze"],"_links":{"self":[{"href":"http:\/\/dookolaswiatanaokolo.pl\/index.php?rest_route=\/wp\/v2\/posts\/187","targetHints":{"allow":["GET"]}}],"collection":[{"href":"http:\/\/dookolaswiatanaokolo.pl\/index.php?rest_route=\/wp\/v2\/posts"}],"about":[{"href":"http:\/\/dookolaswiatanaokolo.pl\/index.php?rest_route=\/wp\/v2\/types\/post"}],"author":[{"embeddable":true,"href":"http:\/\/dookolaswiatanaokolo.pl\/index.php?rest_route=\/wp\/v2\/users\/1"}],"replies":[{"embeddable":true,"href":"http:\/\/dookolaswiatanaokolo.pl\/index.php?rest_route=%2Fwp%2Fv2%2Fcomments&post=187"}],"version-history":[{"count":37,"href":"http:\/\/dookolaswiatanaokolo.pl\/index.php?rest_route=\/wp\/v2\/posts\/187\/revisions"}],"predecessor-version":[{"id":293,"href":"http:\/\/dookolaswiatanaokolo.pl\/index.php?rest_route=\/wp\/v2\/posts\/187\/revisions\/293"}],"wp:featuredmedia":[{"embeddable":true,"href":"http:\/\/dookolaswiatanaokolo.pl\/index.php?rest_route=\/wp\/v2\/media\/188"}],"wp:attachment":[{"href":"http:\/\/dookolaswiatanaokolo.pl\/index.php?rest_route=%2Fwp%2Fv2%2Fmedia&parent=187"}],"wp:term":[{"taxonomy":"category","embeddable":true,"href":"http:\/\/dookolaswiatanaokolo.pl\/index.php?rest_route=%2Fwp%2Fv2%2Fcategories&post=187"},{"taxonomy":"post_tag","embeddable":true,"href":"http:\/\/dookolaswiatanaokolo.pl\/index.php?rest_route=%2Fwp%2Fv2%2Ftags&post=187"}],"curies":[{"name":"wp","href":"https:\/\/api.w.org\/{rel}","templated":true}]}}